{"id":5192,"date":"2025-07-16T07:00:38","date_gmt":"2025-07-16T05:00:38","guid":{"rendered":"https:\/\/www.coambib.org\/?p=5192"},"modified":"2025-07-15T22:57:32","modified_gmt":"2025-07-15T20:57:32","slug":"el-coambib-presenta-alegaciones-en-la-consejeria-del-mar-y-del-ciclo-del-agua-para-garantizar-la-idoneidad-profesional-en-la-figura-del-coordinador-ambiental","status":"publish","type":"post","link":"https:\/\/www.coambib.org\/es\/noticias-2\/el-coambib-presenta-alegaciones-en-la-consejeria-del-mar-y-del-ciclo-del-agua-para-garantizar-la-idoneidad-profesional-en-la-figura-del-coordinador-ambiental\/","title":{"rendered":"El COAMBIB presenta alegaciones a la Consejer\u00eda del Mar y del Ciclo del Agua para garantizar la idoneidad profesional en la figura del Coordinador Ambiental"},"content":{"rendered":"<p><span style=\"font-weight: 400;\">El Colegio Profesional de Licenciados y Doctores en Ciencias Ambientales de las Illes Balears (COAMBIB) ha presentado un recurso formal ante la Direcci\u00f3n General de Recursos H\u00eddricos para manifestar su oposici\u00f3n a la inclusi\u00f3n de titulaciones de ingenier\u00eda civil y otras ingenier\u00edas como v\u00e1lidas para ocupar la figura de Coordinador Ambiental en el contrato de mantenimiento y conservaci\u00f3n de torrentes.<\/span><\/p>\n<p><span style=\"font-weight: 400;\">El COAMBIB ha realizado un estudio comparativo detallado de los planes de estudio del Grado en Ingenier\u00eda Civil y el Grado en Ciencias Ambientales, con el objetivo de analizar la correspondencia de cada uno de ellos con las funciones asignadas al Coordinador Ambiental seg\u00fan el Pliego de Prescripciones T\u00e9cnicas.<\/span><\/p>\n<p><span style=\"font-weight: 400;\">Los resultados muestran que mientras los graduados en Ciencias Ambientales cursan una media del 58% de los cr\u00e9ditos relacionados con las funciones ambientales que requiere el puesto, los graduados en Ingenier\u00eda Civil s\u00f3lo cursan un 10%. Adem\u00e1s, la titulaci\u00f3n de ingenier\u00eda civil no incluye ninguna asignatura sobre biolog\u00eda, ecolog\u00eda o ciencias de la vida. entornos naturales sensibles como son los torrentes con presencia de h\u00e1bitats protegidos y especies vulnerables. Este estudio podr\u00eda extrapolarse a las otras titulaciones de ingenier\u00eda con resultados similares.<\/span><\/p>\n<p><span style=\"font-weight: 400;\">&quot;No podemos aceptar que la figura del Coordinador Ambiental sea ocupada por profesionales que no tienen la formaci\u00f3n espec\u00edfica en medio ambiente&quot;, ha declarado Carme Alomar Mascar\u00f3, decana del COAMBIB. &quot;El objetivo de esta figura es proteger el medio natural, para la ejecuci\u00f3n t\u00e9cnica de la obra ya se encarga la figura de Delegado incluida en el Pliego&quot;.<\/span><\/p>\n<p><span style=\"font-weight: 400;\">El COAMBIB defiende que la figura del Coordinador Ambiental debe recaer en profesionales titulados en Ciencias Ambientales, Biolog\u00eda, Geolog\u00eda o Ingenier\u00eda Forestal, siempre que puedan acreditar formaci\u00f3n concreta en tem\u00e1ticas ambientales. Asimismo, pide que se excluyan expresamente del pliego las titulaciones que no garantizan esta formaci\u00f3n, como es el caso de la Ingenier\u00eda Civil y otras ingenier\u00edas.<\/span><\/p>\n<p><span style=\"font-weight: 400;\">Tambi\u00e9n se ha solicitado a la administraci\u00f3n que se regule adecuadamente la retribuci\u00f3n del Coordinador Ambiental en el contrato y que se tenga en cuenta esta exigencia para futuros contratos que incluyan esta figura.<\/span><\/p>\n<p><span style=\"font-weight: 400;\">Con esta acci\u00f3n, el COAMBIB reafirma su compromiso con la defensa de la profesi\u00f3n de ambient\u00f3logo y con la preservaci\u00f3n del patrimonio natural de las Illes Balears, tal y como establece el art\u00edculo 45 de la Constituci\u00f3n sobre el derecho al medio ambiente. Refuerza tambi\u00e9n la visi\u00f3n de los torrentes como h\u00e1bitats de especias y ecosistemas muy importantes. En un territorio con escasez de agua como son las Islas, la adecuada conservaci\u00f3n de los torrentes se traduce en la conservaci\u00f3n de las especies que habitan.<\/span><\/p>\n<p>&nbsp;<\/p>\n<p><strong>Fotograf\u00eda<\/strong>: Barranco de Trebal\u00fager (Menorca). <strong>Fuente<\/strong>: COAMBIB<\/p>","protected":false},"excerpt":{"rendered":"<p>El Colegio Profesional de Licenciados y Doctores en Ciencias Ambientales de las Illes Balears (COAMBIB) ha presentado un recurso formal ante la Direcci\u00f3n General de Recursos H\u00eddricos para manifestar su oposici\u00f3n a la inclusi\u00f3n de titulaciones de ingenier\u00eda civil y otras ingenier\u00edas como v\u00e1lidas para ocupar la figura de Coordinador Ambiental en el \u2026 <\/p>\n<p class=\"read-more-container\"><a title=\"El COAMBIB presenta alegaciones a la Consejer\u00eda del Mar y del Ciclo del Agua para garantizar la idoneidad profesional en la figura del Coordinador Ambiental\" class=\"read-more button\" href=\"https:\/\/www.coambib.org\/es\/noticias-2\/el-coambib-presenta-alegaciones-en-la-consejeria-del-mar-y-del-ciclo-del-agua-para-garantizar-la-idoneidad-profesional-en-la-figura-del-coordinador-ambiental\/#more-5192\" aria-label=\"Leer m\u00e1s sobre El COAMBIB presenta alegaciones a la Consejer\u00eda del Mar y del Ciclo del Agua para garantizar la idoneidad profesional en la figura del Coordinador Ambiental\"> Leer m\u00e1s\u2026<\/a><\/p>","protected":false},"author":656,"featured_media":5193,"comment_status":"closed","ping_status":"closed","sticky":false,"template":"","format":"standard","meta":{"_acf_changed":false,"footnotes":""},"categories":[16],"class_list":["post-5192","post","type-post","status-publish","format-standard","has-post-thumbnail","hentry","category-noticies","generate-columns","tablet-grid-50","mobile-grid-100","grid-parent","grid-50"],"acf":[],"_links":{"self":[{"href":"https:\/\/www.coambib.org\/es\/wp-json\/wp\/v2\/posts\/5192","targetHints":{"allow":["GET"]}}],"collection":[{"href":"https:\/\/www.coambib.org\/es\/wp-json\/wp\/v2\/posts"}],"about":[{"href":"https:\/\/www.coambib.org\/es\/wp-json\/wp\/v2\/types\/post"}],"author":[{"embeddable":true,"href":"https:\/\/www.coambib.org\/es\/wp-json\/wp\/v2\/users\/656"}],"replies":[{"embeddable":true,"href":"https:\/\/www.coambib.org\/es\/wp-json\/wp\/v2\/comments?post=5192"}],"version-history":[{"count":1,"href":"https:\/\/www.coambib.org\/es\/wp-json\/wp\/v2\/posts\/5192\/revisions"}],"predecessor-version":[{"id":5194,"href":"https:\/\/www.coambib.org\/es\/wp-json\/wp\/v2\/posts\/5192\/revisions\/5194"}],"wp:featuredmedia":[{"embeddable":true,"href":"https:\/\/www.coambib.org\/es\/wp-json\/wp\/v2\/media\/5193"}],"wp:attachment":[{"href":"https:\/\/www.coambib.org\/es\/wp-json\/wp\/v2\/media?parent=5192"}],"wp:term":[{"taxonomy":"category","embeddable":true,"href":"https:\/\/www.coambib.org\/es\/wp-json\/wp\/v2\/categories?post=5192"}],"curies":[{"name":"wp","href":"https:\/\/api.w.org\/{rel}","templated":true}]}}