{"id":5459,"date":"2025-10-20T17:18:27","date_gmt":"2025-10-20T15:18:27","guid":{"rendered":"https:\/\/www.coambib.org\/?p=5459"},"modified":"2025-10-20T17:18:27","modified_gmt":"2025-10-20T15:18:27","slug":"la-decana-del-coambib-participa-en-el-foro-marino-deivissa-y-formentera-2025","status":"publish","type":"post","link":"https:\/\/www.coambib.org\/es\/noticias-2\/la-decana-del-coambib-participa-en-el-foro-marino-deivissa-y-formentera-2025\/","title":{"rendered":"La decana del COAMBIB participa en el Foro Marino de Eivissa y Formentera 2025"},"content":{"rendered":"<p><span style=\"font-weight: 400;\">El pasado <\/span><b>15 de octubre de 2025<\/b><span style=\"font-weight: 400;\">, la decana del COAMBIB, <\/span><b>Carme Alomar<\/b><span style=\"font-weight: 400;\">, asisti\u00f3 al <\/span><b>Foro Marino de Ibiza y Formentera 2025<\/b><span style=\"font-weight: 400;\">, celebrado en Eivissa, un espacio de referencia internacional en divulgaci\u00f3n y debate sobre los grandes retos del <\/span><b>mar Mediterr\u00e1neo<\/b><span style=\"font-weight: 400;\">.<\/span><\/p>\n<p><span style=\"font-weight: 400;\">Durante tres jornadas, del 14 al 16 de octubre, se reunieron cient\u00edficos de prestigio y representantes institucionales y sociales, en un evento que combin\u00f3 ciencia, cultura y compromiso con el mar.<\/span><\/p>\n<p><span style=\"font-weight: 400;\">En la jornada del mi\u00e9rcoles, Carme Alomar particip\u00f3 en la mesa redonda \u201c<\/span><b>Caracterizaci\u00f3n de la contaminaci\u00f3n del mar Pitiuso y Balear<\/b><span style=\"font-weight: 400;\">\u201d.<\/span><\/p>\n<p><span style=\"font-weight: 400;\">Cabe destacar tambi\u00e9n la participaci\u00f3n de Sandra Espeja, ambient\u00f3loga y colegiada del COAMBIB, que moder\u00f3 la mesa redonda \u201c<\/span><b>El sector tur\u00edstico como palanca de cambio para conservar el mar balear<\/b><span style=\"font-weight: 400;\">\u201d.<\/span><\/p>\n<p><span style=\"font-weight: 400;\">La presencia del COAMBIB en el foro reafirma el compromiso del Colegio con <\/span><b>la defensa del medio marino<\/b><span style=\"font-weight: 400;\"> y pone de relieve <\/span><b>la importancia de las ciencias ambientales <\/b><span style=\"font-weight: 400;\">para generar conocimiento y establecer conexiones entre instituciones, entidad y empresas p\u00fablicas y privadas, tanto por las Illes Balears como, en particular, en <\/span><b>Ibiza <\/b><span style=\"font-weight: 400;\">y <\/span><b>Formentera<\/b><span style=\"font-weight: 400;\">.<\/span><\/p>\n<div class=\"entry-content\">\n<p data-start=\"1299\" data-end=\"1468\">\ud83d\udcf8\u00a0<strong>Fotograf\u00eda<\/strong>: <span style=\"font-weight: 400;\">Sandra Espeja y <\/span>la decana\u00a0<strong data-start=\"1325\" data-end=\"1341\">Carme Alomar<\/strong>.<\/p>\n<\/div>","protected":false},"excerpt":{"rendered":"<p>El pasado 15 de octubre de 2025, la decana del COAMBIB, Carme Alomar, asisti\u00f3 al Foro Marino de Eivissa y Formentera 2025, celebrado en Eivissa, un espacio de referencia internacional en divulgaci\u00f3n y debate sobre los grandes retos del mar Mediterr\u00e1neo. Durante tres jornadas, del 14 al 16 de octubre, se reunieron cient\u00edficos de prestigio y \u2026 <\/p>\n<p class=\"read-more-container\"><a title=\"La decana del COAMBIB participa en el Foro Marino de Eivissa y Formentera 2025\" class=\"read-more button\" href=\"https:\/\/www.coambib.org\/es\/noticias-2\/la-decana-del-coambib-participa-en-el-foro-marino-deivissa-y-formentera-2025\/#more-5459\" aria-label=\"Leer m\u00e1s sobre La degana del COAMBIB participa al Foro Marino d\u2019Eivissa i Formentera 2025\"> Leer m\u00e1s\u2026<\/a><\/p>","protected":false},"author":656,"featured_media":5460,"comment_status":"closed","ping_status":"closed","sticky":false,"template":"","format":"standard","meta":{"_acf_changed":false,"footnotes":""},"categories":[16],"class_list":["post-5459","post","type-post","status-publish","format-standard","has-post-thumbnail","hentry","category-noticies","generate-columns","tablet-grid-50","mobile-grid-100","grid-parent","grid-50"],"acf":[],"_links":{"self":[{"href":"https:\/\/www.coambib.org\/es\/wp-json\/wp\/v2\/posts\/5459","targetHints":{"allow":["GET"]}}],"collection":[{"href":"https:\/\/www.coambib.org\/es\/wp-json\/wp\/v2\/posts"}],"about":[{"href":"https:\/\/www.coambib.org\/es\/wp-json\/wp\/v2\/types\/post"}],"author":[{"embeddable":true,"href":"https:\/\/www.coambib.org\/es\/wp-json\/wp\/v2\/users\/656"}],"replies":[{"embeddable":true,"href":"https:\/\/www.coambib.org\/es\/wp-json\/wp\/v2\/comments?post=5459"}],"version-history":[{"count":1,"href":"https:\/\/www.coambib.org\/es\/wp-json\/wp\/v2\/posts\/5459\/revisions"}],"predecessor-version":[{"id":5461,"href":"https:\/\/www.coambib.org\/es\/wp-json\/wp\/v2\/posts\/5459\/revisions\/5461"}],"wp:featuredmedia":[{"embeddable":true,"href":"https:\/\/www.coambib.org\/es\/wp-json\/wp\/v2\/media\/5460"}],"wp:attachment":[{"href":"https:\/\/www.coambib.org\/es\/wp-json\/wp\/v2\/media?parent=5459"}],"wp:term":[{"taxonomy":"category","embeddable":true,"href":"https:\/\/www.coambib.org\/es\/wp-json\/wp\/v2\/categories?post=5459"}],"curies":[{"name":"wp","href":"https:\/\/api.w.org\/{rel}","templated":true}]}}