{"id":5706,"date":"2026-03-01T19:21:33","date_gmt":"2026-03-01T18:21:33","guid":{"rendered":"https:\/\/www.coambib.org\/?p=5706"},"modified":"2026-03-04T14:18:09","modified_gmt":"2026-03-04T13:18:09","slug":"el-coambib-participa-en-el-acto-institucional-del-dia-de-las-islas-baleares-en-el-parlamento","status":"publish","type":"post","link":"https:\/\/www.coambib.org\/es\/noticias-2\/el-coambib-participa-en-el-acto-institucional-del-dia-de-las-islas-baleares-en-el-parlamento\/","title":{"rendered":"El COAMBIB participa en el acto institucional del D\u00eda de las Illes Balears en el Parlament"},"content":{"rendered":"<p data-start=\"251\" data-end=\"525\">El pasado <strong data-start=\"261\" data-end=\"288\">1 de marzo a las 12.00 h<\/strong>, el Colegio Profesional de Licenciados y Doctores en Ciencias Ambientales de las Illes Balears (<span style=\"font-weight:bold;\"><span style=\"color:#01666B;\">COAMB<\/span><span style=\"color:#02BFCE;\">IB<\/span><\/span>) estuvo presente en el acto institucional del <strong data-start=\"438\" data-end=\"466\">D\u00eda de las Illes Balears<\/strong>, celebrado en la <strong data-start=\"482\" data-end=\"524\">Sede del Parlamento de las Illes Balears<\/strong>.<\/p>\n<p data-start=\"527\" data-end=\"790\">En representaci\u00f3n del Colegio asistieron <strong data-start=\"573\" data-end=\"601\">Leticia Pou y Joan Llad\u00f3<\/strong>, miembros actuales de la Junta de Gobierno del <span style=\"font-weight:bold;\"><span style=\"color:#01666B;\">COAMB<\/span><span style=\"color:#02BFCE;\">IB<\/span><\/span>, que participaron en esta jornada de encuentro institucional con autoridades y representantes del tejido econ\u00f3mico y social de las Illes Balears.<\/p>\n<p data-start=\"792\" data-end=\"1196\">Durante el acto, los representantes del <span style=\"font-weight:bold;\"><span style=\"color:#01666B;\">COAMB<\/span><span style=\"color:#02BFCE;\">IB<\/span><\/span> tuvieron la oportunidad de dar a conocer el Colegio, su funci\u00f3n y las l\u00edneas de trabajo actuales, as\u00ed como establecer contactos con diferentes autoridades y entidades empresariales. Las conversaciones mantenidas permitieron abrir la puerta a futuras reuniones con el objetivo de explorar posibles v\u00edas de colaboraci\u00f3n y trabajo conjunto en materia ambiental.<\/p>\n<p data-start=\"1198\" data-end=\"1402\">La participaci\u00f3n del <span style=\"font-weight:bold;\"><span style=\"color:#01666B;\">COAMB<\/span><span style=\"color:#02BFCE;\">IB<\/span><\/span> en este acto institucional refuerza la presencia del Colegio en el \u00e1mbito p\u00fablico y consolida su papel como interlocutor t\u00e9cnico en cuestiones ambientales en las Illes Balears.<\/p>\n<p data-start=\"1404\" data-end=\"1532\">Desde el <span style=\"font-weight:bold;\"><span style=\"color:#01666B;\">COAMB<\/span><span style=\"color:#02BFCE;\">IB<\/span><\/span> queremos agradecer la labor de representaci\u00f3n institucional desarrollada por los miembros de la Junta asistentes al acto.<\/p>","protected":false},"excerpt":{"rendered":"<p>El pasado 1 de marzo a las 12.00 h, el Colegio Profesional de Licenciados y Doctores en Ciencias Ambientales de las Illes Balears () estuvo presente en el acto institucional del D\u00eda de las Illes Balears, celebrado en la Sede del Parlamento de las Illes Balears. En representaci\u00f3n del Colegio asistieron Leticia Pou \u2026 <\/p>\n<p class=\"read-more-container\"><a title=\"El COAMBIB participa en el acto institucional del D\u00eda de las Illes Balears en el Parlament\" class=\"read-more button\" href=\"https:\/\/www.coambib.org\/es\/noticias-2\/el-coambib-participa-en-el-acto-institucional-del-dia-de-las-islas-baleares-en-el-parlamento\/#more-5706\" aria-label=\"Leer m\u00e1s sobre El COAMBIB participa en el acto institucional del D\u00eda de las Illes Balears en el Parlament\"> Leer m\u00e1s\u2026<\/a><\/p>","protected":false},"author":656,"featured_media":5707,"comment_status":"closed","ping_status":"closed","sticky":false,"template":"","format":"standard","meta":{"_acf_changed":false,"footnotes":""},"categories":[16],"class_list":["post-5706","post","type-post","status-publish","format-standard","has-post-thumbnail","hentry","category-noticies","generate-columns","tablet-grid-50","mobile-grid-100","grid-parent","grid-50"],"acf":[],"_links":{"self":[{"href":"https:\/\/www.coambib.org\/es\/wp-json\/wp\/v2\/posts\/5706","targetHints":{"allow":["GET"]}}],"collection":[{"href":"https:\/\/www.coambib.org\/es\/wp-json\/wp\/v2\/posts"}],"about":[{"href":"https:\/\/www.coambib.org\/es\/wp-json\/wp\/v2\/types\/post"}],"author":[{"embeddable":true,"href":"https:\/\/www.coambib.org\/es\/wp-json\/wp\/v2\/users\/656"}],"replies":[{"embeddable":true,"href":"https:\/\/www.coambib.org\/es\/wp-json\/wp\/v2\/comments?post=5706"}],"version-history":[{"count":5,"href":"https:\/\/www.coambib.org\/es\/wp-json\/wp\/v2\/posts\/5706\/revisions"}],"predecessor-version":[{"id":5719,"href":"https:\/\/www.coambib.org\/es\/wp-json\/wp\/v2\/posts\/5706\/revisions\/5719"}],"wp:featuredmedia":[{"embeddable":true,"href":"https:\/\/www.coambib.org\/es\/wp-json\/wp\/v2\/media\/5707"}],"wp:attachment":[{"href":"https:\/\/www.coambib.org\/es\/wp-json\/wp\/v2\/media?parent=5706"}],"wp:term":[{"taxonomy":"category","embeddable":true,"href":"https:\/\/www.coambib.org\/es\/wp-json\/wp\/v2\/categories?post=5706"}],"curies":[{"name":"wp","href":"https:\/\/api.w.org\/{rel}","templated":true}]}}